{"id":8345,"date":"2026-03-09T21:44:21","date_gmt":"2026-03-09T20:44:21","guid":{"rendered":"https:\/\/paroissethiais.fr\/?p=8345"},"modified":"2026-04-20T16:33:35","modified_gmt":"2026-04-20T14:33:35","slug":"annonces-du-08-mars-2026","status":"publish","type":"post","link":"https:\/\/paroissethiais.fr\/?p=8345","title":{"rendered":"Annonces du 08 mars 2026"},"content":{"rendered":"\n<figure class=\"wp-block-image size-large\"><img loading=\"lazy\" decoding=\"async\" width=\"1024\" height=\"145\" src=\"http:\/\/paroissethiais.fr\/wp-content\/uploads\/2025\/11\/Banniere-annonces-paroissiales-09-11-2025-1-1024x145.png\" alt=\"\" class=\"wp-image-7745\" srcset=\"https:\/\/paroissethiais.fr\/wp-content\/uploads\/2025\/11\/Banniere-annonces-paroissiales-09-11-2025-1-1024x145.png 1024w, https:\/\/paroissethiais.fr\/wp-content\/uploads\/2025\/11\/Banniere-annonces-paroissiales-09-11-2025-1-300x43.png 300w, https:\/\/paroissethiais.fr\/wp-content\/uploads\/2025\/11\/Banniere-annonces-paroissiales-09-11-2025-1-768x109.png 768w, https:\/\/paroissethiais.fr\/wp-content\/uploads\/2025\/11\/Banniere-annonces-paroissiales-09-11-2025-1-1536x218.png 1536w, https:\/\/paroissethiais.fr\/wp-content\/uploads\/2025\/11\/Banniere-annonces-paroissiales-09-11-2025-1-2048x290.png 2048w\" sizes=\"auto, (max-width: 1024px) 100vw, 1024px\" \/><\/figure>\n\n\n\n<ul class=\"wp-block-list\">\n<li class=\"has-text-color has-link-color has-medium-font-size wp-elements-fbd35e5dd1adad213f580f6a0a8f43d8\" style=\"color:#0718e3\"><strong>Chemin de Croix<\/strong>\n<ul class=\"wp-block-list\">\n<li class=\"has-black-color has-text-color has-link-color has-medium-font-size wp-elements-6314691c690ea3ca1edfd49817e749e1\">Tous les vendredis de car\u00eame \u00e0 18h30 suivi de la messe \u00e0 l\u2019\u00e9glise<\/li>\n<\/ul>\n<\/li>\n\n\n\n<li class=\"has-text-color has-link-color has-medium-font-size wp-elements-b932cbbf8de81ab8e4f9819ab4a64219\" style=\"color:#0709e3\"><strong>Rappel effort de car\u00eame en communaut\u00e9<\/strong>\n<ul class=\"wp-block-list\">\n<li class=\"has-black-color has-text-color has-link-color has-medium-font-size wp-elements-4f210e8db4e0095a227f746d07939f14\">R\u00e9citation du chapelet :\n<ul class=\"wp-block-list\">\n<li class=\"has-medium-font-size\">les samedis de Car\u00eame \u00e0 17h45 \u00e0 l\u2019oratoire. Prochain chapelet le 14 mars 2026<\/li>\n\n\n\n<li class=\"has-medium-font-size\">les dimanches de Car\u00eame \u00e0 10h15 dans l\u2019\u00e9glise. Prochain chapelet le 15 mars 2026<\/li>\n<\/ul>\n<\/li>\n<\/ul>\n<\/li>\n\n\n\n<li class=\"has-text-color has-link-color has-medium-font-size wp-elements-3fa095cfeff634c4fd803acfd9825581\" style=\"color:#3107e3\"><strong>Livrets de car\u00eame : prier et m\u00e9diter \u2013 3\u00e8me livret<\/strong>\n<ul class=\"wp-block-list\">\n<li class=\"has-black-color has-text-color has-link-color has-medium-font-size wp-elements-e8ec0403672f15319f9587db1982de82\">Les 3 livrets sont disponibles sous format papier \u00e0 l\u2019\u00e9glise. Ils sont t\u00e9l\u00e9chargeables sur le site. T\u00e9l\u00e9charger <a href=\"https:\/\/paroissethiais.fr\/?p=8293\" target=\"_blank\" rel=\"noreferrer noopener\">le livret 1 <\/a>, <a href=\"https:\/\/paroissethiais.fr\/?p=8316\" target=\"_blank\" rel=\"noreferrer noopener\">le livret 2<\/a> et le <a href=\"https:\/\/paroissethiais.fr\/?p=8351\" target=\"_blank\" rel=\"noreferrer noopener\">3\u00e8me livret<\/a>.<\/li>\n<\/ul>\n<\/li>\n\n\n\n<li class=\"has-text-color has-link-color has-medium-font-size wp-elements-059891262f79fc86e08eea6d9d86b008\" style=\"color:#0709e3\"><strong>Soir\u00e9e bol de riz<\/strong>\n<ul class=\"wp-block-list\">\n<li class=\"has-black-color has-text-color has-link-color has-medium-font-size wp-elements-b4a35b157e6da0790305c6049027012d\">Remerciement aux participants et \u00e0 tous ceux qui ont participer \u00e0 l&rsquo;organisation<\/li>\n<\/ul>\n<\/li>\n\n\n\n<li class=\"has-text-color has-link-color has-medium-font-size wp-elements-2ea5760d612e19f81a7ae666eeac9ad3\" style=\"color:#2207e3\"><strong>Pr\u00e9paration des messes de la Semaine Sainte<\/strong>\n<ul class=\"wp-block-list\">\n<li class=\"has-black-color has-text-color has-link-color has-medium-font-size wp-elements-e10c6d07e7df0b0b98312dcaf40784e7\">L\u2019\u00e9quipe de pr\u00e9paration des messes a besoin de renfort pour continuer \u00e0 faire vivre de belles c\u00e9l\u00e9brations. Si vous souhaitez participer \u00e0 ce service de la paroisse, vous \u00eates invit\u00e9s \u00e0 la r\u00e9union qui aura lieu le samedi 14 mars \u00e0 10h00. Toutes les bonnes volont\u00e9s sont les bienvenues.<\/li>\n<\/ul>\n<\/li>\n\n\n\n<li class=\"has-text-color has-link-color has-medium-font-size wp-elements-98dc230e7f14bc1661b66da5ec4f36c7\" style=\"color:#0711e3\"><strong>Pr\u00e9paration de l\u2019assembl\u00e9e paroissiale apr\u00e8s 2 ans de pause<\/strong>\n<ul class=\"wp-block-list\">\n<li class=\"has-black-color has-text-color has-link-color has-medium-font-size wp-elements-a73fac8d2b23f654dedc528d64db694d\">C\u2019est un projet paroissial, conduit par quelques membres de l\u2019EAP mais aussi d\u2019autres paroissiens afin de guider ensemble, notre paroisse sur son&nbsp; chemin de fraternit\u00e9.<\/li>\n\n\n\n<li class=\"has-black-color has-text-color has-link-color has-medium-font-size wp-elements-6e2aa2bcfa82f18c66e5be8d1db4a57a\">Les membres de l\u2019 EAP, lors de cette rencontre, vont recueillir tous les besoins dont vous voudrez bien leur faire part.<\/li>\n\n\n\n<li class=\"has-black-color has-text-color has-link-color has-medium-font-size wp-elements-44218af6f384a744a42168287d60a0f6\">Chers fr\u00e8res et s\u0153urs en Christ, chaque avis compte. Comme nous sommes une grande famille chr\u00e9tienne, tous les paroissiens peuvent apporter leur pierre \u00e0 l\u2019\u00e9difice. Cet \u00e9difice, c\u2019est notre \u00c9glise Paroissiale. La construction, le cheminement de la paroisse n\u2019est pas l\u2019affaire d\u2019une petite \u00e9quipe, d\u00e9cidant pour tous, mais se travaille en synodalit\u00e9 (sous le regard de Dieu), alors nous avons besoin de votre aide.<\/li>\n\n\n\n<li class=\"has-black-color has-text-color has-link-color has-medium-font-size wp-elements-36cc0e9e03b8ae8b0414d9e9e5520386\">Ceux et celles qui souhaitent nous rejoindre dans la pr\u00e9paration de ce projet peuvent prendre contact avec nous d\u00e8s \u00e0 pr\u00e9sent \u00e0 la sortie de la messe. Vous pouvez aussi noter que nous vous donnons rendez-vous le 28 mars \u00e0 16h30 pour mettre en forme ce projet collectif ensemble.<\/li>\n<\/ul>\n<\/li>\n<\/ul>\n\n\n\n<p><\/p>\n","protected":false},"excerpt":{"rendered":"","protected":false},"author":11,"featured_media":0,"comment_status":"open","ping_status":"open","sticky":false,"template":"","format":"standard","meta":{"_monsterinsights_skip_tracking":false,"_monsterinsights_sitenote_active":false,"_monsterinsights_sitenote_note":"","_monsterinsights_sitenote_category":0,"ngg_post_thumbnail":0,"ocean_post_layout":"","ocean_both_sidebars_style":"","ocean_both_sidebars_content_width":0,"ocean_both_sidebars_sidebars_width":0,"ocean_sidebar":"","ocean_second_sidebar":"","ocean_disable_margins":"enable","ocean_add_body_class":"","ocean_shortcode_before_top_bar":"","ocean_shortcode_after_top_bar":"","ocean_shortcode_before_header":"","ocean_shortcode_after_header":"","ocean_has_shortcode":"","ocean_shortcode_after_title":"","ocean_shortcode_before_footer_widgets":"","ocean_shortcode_after_footer_widgets":"","ocean_shortcode_before_footer_bottom":"","ocean_shortcode_after_footer_bottom":"","ocean_display_top_bar":"default","ocean_display_header":"default","ocean_header_style":"","ocean_center_header_left_menu":"","ocean_custom_header_template":"","ocean_custom_logo":0,"ocean_custom_retina_logo":0,"ocean_custom_logo_max_width":0,"ocean_custom_logo_tablet_max_width":0,"ocean_custom_logo_mobile_max_width":0,"ocean_custom_logo_max_height":0,"ocean_custom_logo_tablet_max_height":0,"ocean_custom_logo_mobile_max_height":0,"ocean_header_custom_menu":"","ocean_menu_typo_font_family":"","ocean_menu_typo_font_subset":"","ocean_menu_typo_font_size":0,"ocean_menu_typo_font_size_tablet":0,"ocean_menu_typo_font_size_mobile":0,"ocean_menu_typo_font_size_unit":"px","ocean_menu_typo_font_weight":"","ocean_menu_typo_font_weight_tablet":"","ocean_menu_typo_font_weight_mobile":"","ocean_menu_typo_transform":"","ocean_menu_typo_transform_tablet":"","ocean_menu_typo_transform_mobile":"","ocean_menu_typo_line_height":0,"ocean_menu_typo_line_height_tablet":0,"ocean_menu_typo_line_height_mobile":0,"ocean_menu_typo_line_height_unit":"","ocean_menu_typo_spacing":0,"ocean_menu_typo_spacing_tablet":0,"ocean_menu_typo_spacing_mobile":0,"ocean_menu_typo_spacing_unit":"","ocean_menu_link_color":"","ocean_menu_link_color_hover":"","ocean_menu_link_color_active":"","ocean_menu_link_background":"","ocean_menu_link_hover_background":"","ocean_menu_link_active_background":"","ocean_menu_social_links_bg":"","ocean_menu_social_hover_links_bg":"","ocean_menu_social_links_color":"","ocean_menu_social_hover_links_color":"","ocean_disable_title":"default","ocean_disable_heading":"default","ocean_post_title":"","ocean_post_subheading":"","ocean_post_title_style":"","ocean_post_title_background_color":"","ocean_post_title_background":0,"ocean_post_title_bg_image_position":"","ocean_post_title_bg_image_attachment":"","ocean_post_title_bg_image_repeat":"","ocean_post_title_bg_image_size":"","ocean_post_title_height":0,"ocean_post_title_bg_overlay":0.5,"ocean_post_title_bg_overlay_color":"","ocean_disable_breadcrumbs":"default","ocean_breadcrumbs_color":"","ocean_breadcrumbs_separator_color":"","ocean_breadcrumbs_links_color":"","ocean_breadcrumbs_links_hover_color":"","ocean_display_footer_widgets":"default","ocean_display_footer_bottom":"default","ocean_custom_footer_template":"","ofc_enable_fullscreen":"disable","ofc_fullscreen_speed":0,"ofc_fullscreen_nav":"enable","ofc_fullscreen_nav_pos":"right","ofc_fullscreen_nav_color":"","ofc_fullscreen_nav_tooltip_color":"","ofc_fullscreen_responsive":0,"ocean_post_oembed":"","ocean_post_self_hosted_media":"","ocean_post_video_embed":"","ocean_link_format":"","ocean_link_format_target":"self","ocean_quote_format":"","ocean_quote_format_link":"post","ocean_gallery_link_images":"on","ocean_gallery_id":[],"footnotes":""},"categories":[16,4],"tags":[],"class_list":["post-8345","post","type-post","status-publish","format-standard","hentry","category-communications","category-vie-de-la-paroisse","entry"],"_links":{"self":[{"href":"https:\/\/paroissethiais.fr\/index.php?rest_route=\/wp\/v2\/posts\/8345","targetHints":{"allow":["GET"]}}],"collection":[{"href":"https:\/\/paroissethiais.fr\/index.php?rest_route=\/wp\/v2\/posts"}],"about":[{"href":"https:\/\/paroissethiais.fr\/index.php?rest_route=\/wp\/v2\/types\/post"}],"author":[{"embeddable":true,"href":"https:\/\/paroissethiais.fr\/index.php?rest_route=\/wp\/v2\/users\/11"}],"replies":[{"embeddable":true,"href":"https:\/\/paroissethiais.fr\/index.php?rest_route=%2Fwp%2Fv2%2Fcomments&post=8345"}],"version-history":[{"count":7,"href":"https:\/\/paroissethiais.fr\/index.php?rest_route=\/wp\/v2\/posts\/8345\/revisions"}],"predecessor-version":[{"id":8358,"href":"https:\/\/paroissethiais.fr\/index.php?rest_route=\/wp\/v2\/posts\/8345\/revisions\/8358"}],"wp:attachment":[{"href":"https:\/\/paroissethiais.fr\/index.php?rest_route=%2Fwp%2Fv2%2Fmedia&parent=8345"}],"wp:term":[{"taxonomy":"category","embeddable":true,"href":"https:\/\/paroissethiais.fr\/index.php?rest_route=%2Fwp%2Fv2%2Fcategories&post=8345"},{"taxonomy":"post_tag","embeddable":true,"href":"https:\/\/paroissethiais.fr\/index.php?rest_route=%2Fwp%2Fv2%2Ftags&post=8345"}],"curies":[{"name":"wp","href":"https:\/\/api.w.org\/{rel}","templated":true}]}}