{"id":8323,"date":"2026-03-02T20:54:46","date_gmt":"2026-03-02T19:54:46","guid":{"rendered":"https:\/\/paroissethiais.fr\/?p=8323"},"modified":"2026-04-20T16:35:29","modified_gmt":"2026-04-20T14:35:29","slug":"annonces-du-1er-mars-2026","status":"publish","type":"post","link":"https:\/\/paroissethiais.fr\/?p=8323","title":{"rendered":"Annonces du 1er mars 2026"},"content":{"rendered":"\n<figure class=\"wp-block-image size-large\"><img loading=\"lazy\" decoding=\"async\" width=\"1024\" height=\"145\" src=\"http:\/\/paroissethiais.fr\/wp-content\/uploads\/2025\/11\/Banniere-annonces-paroissiales-09-11-2025-1-1024x145.png\" alt=\"\" class=\"wp-image-7745\" srcset=\"https:\/\/paroissethiais.fr\/wp-content\/uploads\/2025\/11\/Banniere-annonces-paroissiales-09-11-2025-1-1024x145.png 1024w, https:\/\/paroissethiais.fr\/wp-content\/uploads\/2025\/11\/Banniere-annonces-paroissiales-09-11-2025-1-300x43.png 300w, https:\/\/paroissethiais.fr\/wp-content\/uploads\/2025\/11\/Banniere-annonces-paroissiales-09-11-2025-1-768x109.png 768w, https:\/\/paroissethiais.fr\/wp-content\/uploads\/2025\/11\/Banniere-annonces-paroissiales-09-11-2025-1-1536x218.png 1536w, https:\/\/paroissethiais.fr\/wp-content\/uploads\/2025\/11\/Banniere-annonces-paroissiales-09-11-2025-1-2048x290.png 2048w\" sizes=\"auto, (max-width: 1024px) 100vw, 1024px\" \/><\/figure>\n\n\n\n<ul class=\"wp-block-list\">\n<li class=\"has-text-color has-link-color has-medium-font-size wp-elements-7406e23671cd8dbef95514bf662b325c\" style=\"color:#2207e3\"><strong>Chemin de croix<\/strong>\n<ul class=\"wp-block-list\">\n<li class=\"has-black-color has-text-color has-link-color has-medium-font-size wp-elements-cb0706d90eeafc90ac737de9540393a3\">Tous les vendredis de car\u00eame \u00e0 18h30 suivi de la messe \u00e0 l&rsquo;\u00e9glise<\/li>\n<\/ul>\n<\/li>\n\n\n\n<li class=\"has-text-color has-link-color has-medium-font-size wp-elements-04b496f0ea9c1fbe2f967941c8602591\" style=\"color:#2207e3\"><strong>Rappel effort de car\u00eame en communaut\u00e9<\/strong>\n<ul class=\"wp-block-list\">\n<li class=\"has-black-color has-text-color has-link-color has-medium-font-size wp-elements-2f039cecdcc382a35e67d3dda41cb37b\">R\u00e9citation du chapelet :\n<ul class=\"wp-block-list\">\n<li class=\"has-medium-font-size\">les samedis de Car\u00eame \u00e0 17h45 \u00e0 l&rsquo;oratoire. Prochain chapelet le 07 mars 2026<\/li>\n\n\n\n<li class=\"has-medium-font-size\">les dimanches de Car\u00eame \u00e0 10h15 dans l\u2019\u00e9glise. Prochain chapelet le 08 mars 2026<\/li>\n<\/ul>\n<\/li>\n<\/ul>\n<\/li>\n\n\n\n<li class=\"has-text-color has-link-color has-medium-font-size wp-elements-bd60f41037fba21c5419918837b377ca\" style=\"color:#2a07e3\"><strong>Livrets de car\u00eame : prier et m\u00e9diter \u2013 2\u00e8me livret<\/strong>\n<ul class=\"wp-block-list\">\n<li class=\"has-black-color has-text-color has-link-color has-medium-font-size wp-elements-b8536f691c6b66ab4b355284ec68f42f\">Le premier et le second livret sont disponibles sous format papier \u00e0 l&rsquo;\u00e9glise. Ils sont t\u00e9l\u00e9chargeables sur le site. T\u00e9l\u00e9charger <a href=\"https:\/\/paroissethiais.fr\/?p=8293\" target=\"_blank\" rel=\"noreferrer noopener\">le livret 1 <\/a>et <a href=\"https:\/\/paroissethiais.fr\/?p=8316\" target=\"_blank\" rel=\"noreferrer noopener\">le livret 2<\/a>.<\/li>\n<\/ul>\n<\/li>\n\n\n\n<li class=\"has-text-color has-link-color has-medium-font-size wp-elements-6210aee2cc002323496303f55c24071d\" style=\"color:#0709e3\"><strong>Soir\u00e9e bol de riz<\/strong>\n<ul class=\"wp-block-list\">\n<li class=\"has-black-color has-text-color has-link-color has-medium-font-size wp-elements-472c0f726f4283cfe8cf70100c1028ea\">Venez partager le 06 mars \u00e0 20h00 un bol de riz accompagn\u00e9 de pommes.<\/li>\n<\/ul>\n<\/li>\n\n\n\n<li class=\"has-text-color has-link-color has-medium-font-size wp-elements-2c50b2c602bde116fc2943aee97d5475\" style=\"color:#2207e3\"><strong>Pr\u00e9paration des messes de la Semaine Sainte<\/strong>\n<ul class=\"wp-block-list\">\n<li class=\"has-black-color has-text-color has-link-color has-medium-font-size wp-elements-6c48640e452b6417cd39dd0ef6fe9eab\">L\u2019\u00e9quipe de pr\u00e9paration des messes a besoin de renfort. Pour ceux qui le d\u00e9sirent,vous \u00eates les bienvenus \u00e0 la r\u00e9union qui se tiendra le samedi 14 mars \u00e0 10h00.<\/li>\n<\/ul>\n<\/li>\n\n\n\n<li class=\"has-text-color has-link-color has-medium-font-size wp-elements-5349ef28069cc8513f6d497668e781c5\" style=\"color:#2a07e3\"><strong>Remerciement des jeunes de l&rsquo;aum\u00f4nerie<\/strong>\n<ul class=\"wp-block-list\">\n<li class=\"has-black-color has-text-color has-link-color has-medium-font-size wp-elements-d192b26fbdee003f966a8f413c98a320\">Les jeunes remercient les paroissiens pour leur soutien et leurs dons. Ils \u00e9taient tr\u00e8s contents de leur pr\u00e9sence. Remerciements \u00e9galement \u00e0 l&rsquo;\u00e9quipe technique.<\/li>\n<\/ul>\n<\/li>\n\n\n\n<li class=\"has-text-color has-link-color has-medium-font-size wp-elements-c9f46ffeaa7475f17c873b6c156e0f29\" style=\"color:#2207e3\"><strong>Pr\u00e9paration de l&rsquo;assembl\u00e9e paroissiale apr\u00e8s 2 ans de pause<\/strong>\n<ul class=\"wp-block-list\">\n<li class=\"has-black-color has-text-color has-link-color has-medium-font-size wp-elements-df7c78e21909efd920e8501ab2482487\">C\u2019est un projet paroissial, conduit par quelques membres de l\u2019 EAP mais aussi d\u2019autres paroissiens afin de guider ensemble, notre paroisse sur son&nbsp; chemin de fraternit\u00e9.<\/li>\n\n\n\n<li class=\"has-black-color has-text-color has-link-color has-medium-font-size wp-elements-6e2aa2bcfa82f18c66e5be8d1db4a57a\">Les membres de l\u2019 EAP, lors de cette rencontre, vont recueillir tous les besoins dont vous voudrez bien leur faire part.<\/li>\n\n\n\n<li class=\"has-black-color has-text-color has-link-color has-medium-font-size wp-elements-44218af6f384a744a42168287d60a0f6\">Chers fr\u00e8res et s\u0153urs en Christ, chaque avis compte. Comme nous sommes une grande famille chr\u00e9tienne, tous les paroissiens peuvent apporter leur pierre \u00e0 l\u2019\u00e9difice. Cet \u00e9difice, c\u2019est notre \u00c9glise Paroissiale. La construction, le cheminement de la paroisse n\u2019est pas l\u2019affaire d\u2019une petite \u00e9quipe, d\u00e9cidant pour tous, mais se travaille en synodalit\u00e9 (sous le regard de Dieu), alors nous avons besoin de votre aide.<\/li>\n\n\n\n<li class=\"has-black-color has-text-color has-link-color has-medium-font-size wp-elements-36cc0e9e03b8ae8b0414d9e9e5520386\">Ceux et celles qui souhaitent nous rejoindre dans la pr\u00e9paration de ce projet peuvent prendre contact avec nous d\u00e8s \u00e0 pr\u00e9sent \u00e0 la sortie de la messe. Vous pouvez aussi noter que nous vous donnons rendez-vous le 28 mars \u00e0 16h30 pour mettre en forme ce projet collectif ensemble.<\/li>\n<\/ul>\n<\/li>\n<\/ul>\n\n\n\n<p><\/p>\n","protected":false},"excerpt":{"rendered":"","protected":false},"author":11,"featured_media":0,"comment_status":"open","ping_status":"open","sticky":false,"template":"","format":"standard","meta":{"_monsterinsights_skip_tracking":false,"_monsterinsights_sitenote_active":false,"_monsterinsights_sitenote_note":"","_monsterinsights_sitenote_category":0,"ngg_post_thumbnail":0,"ocean_post_layout":"","ocean_both_sidebars_style":"","ocean_both_sidebars_content_width":0,"ocean_both_sidebars_sidebars_width":0,"ocean_sidebar":"","ocean_second_sidebar":"","ocean_disable_margins":"enable","ocean_add_body_class":"","ocean_shortcode_before_top_bar":"","ocean_shortcode_after_top_bar":"","ocean_shortcode_before_header":"","ocean_shortcode_after_header":"","ocean_has_shortcode":"","ocean_shortcode_after_title":"","ocean_shortcode_before_footer_widgets":"","ocean_shortcode_after_footer_widgets":"","ocean_shortcode_before_footer_bottom":"","ocean_shortcode_after_footer_bottom":"","ocean_display_top_bar":"default","ocean_display_header":"default","ocean_header_style":"","ocean_center_header_left_menu":"","ocean_custom_header_template":"","ocean_custom_logo":0,"ocean_custom_retina_logo":0,"ocean_custom_logo_max_width":0,"ocean_custom_logo_tablet_max_width":0,"ocean_custom_logo_mobile_max_width":0,"ocean_custom_logo_max_height":0,"ocean_custom_logo_tablet_max_height":0,"ocean_custom_logo_mobile_max_height":0,"ocean_header_custom_menu":"","ocean_menu_typo_font_family":"","ocean_menu_typo_font_subset":"","ocean_menu_typo_font_size":0,"ocean_menu_typo_font_size_tablet":0,"ocean_menu_typo_font_size_mobile":0,"ocean_menu_typo_font_size_unit":"px","ocean_menu_typo_font_weight":"","ocean_menu_typo_font_weight_tablet":"","ocean_menu_typo_font_weight_mobile":"","ocean_menu_typo_transform":"","ocean_menu_typo_transform_tablet":"","ocean_menu_typo_transform_mobile":"","ocean_menu_typo_line_height":0,"ocean_menu_typo_line_height_tablet":0,"ocean_menu_typo_line_height_mobile":0,"ocean_menu_typo_line_height_unit":"","ocean_menu_typo_spacing":0,"ocean_menu_typo_spacing_tablet":0,"ocean_menu_typo_spacing_mobile":0,"ocean_menu_typo_spacing_unit":"","ocean_menu_link_color":"","ocean_menu_link_color_hover":"","ocean_menu_link_color_active":"","ocean_menu_link_background":"","ocean_menu_link_hover_background":"","ocean_menu_link_active_background":"","ocean_menu_social_links_bg":"","ocean_menu_social_hover_links_bg":"","ocean_menu_social_links_color":"","ocean_menu_social_hover_links_color":"","ocean_disable_title":"default","ocean_disable_heading":"default","ocean_post_title":"","ocean_post_subheading":"","ocean_post_title_style":"","ocean_post_title_background_color":"","ocean_post_title_background":0,"ocean_post_title_bg_image_position":"","ocean_post_title_bg_image_attachment":"","ocean_post_title_bg_image_repeat":"","ocean_post_title_bg_image_size":"","ocean_post_title_height":0,"ocean_post_title_bg_overlay":0.5,"ocean_post_title_bg_overlay_color":"","ocean_disable_breadcrumbs":"default","ocean_breadcrumbs_color":"","ocean_breadcrumbs_separator_color":"","ocean_breadcrumbs_links_color":"","ocean_breadcrumbs_links_hover_color":"","ocean_display_footer_widgets":"default","ocean_display_footer_bottom":"default","ocean_custom_footer_template":"","ofc_enable_fullscreen":"disable","ofc_fullscreen_speed":0,"ofc_fullscreen_nav":"enable","ofc_fullscreen_nav_pos":"right","ofc_fullscreen_nav_color":"","ofc_fullscreen_nav_tooltip_color":"","ofc_fullscreen_responsive":0,"ocean_post_oembed":"","ocean_post_self_hosted_media":"","ocean_post_video_embed":"","ocean_link_format":"","ocean_link_format_target":"self","ocean_quote_format":"","ocean_quote_format_link":"post","ocean_gallery_link_images":"on","ocean_gallery_id":[],"footnotes":""},"categories":[16,4],"tags":[],"class_list":["post-8323","post","type-post","status-publish","format-standard","hentry","category-communications","category-vie-de-la-paroisse","entry"],"_links":{"self":[{"href":"https:\/\/paroissethiais.fr\/index.php?rest_route=\/wp\/v2\/posts\/8323","targetHints":{"allow":["GET"]}}],"collection":[{"href":"https:\/\/paroissethiais.fr\/index.php?rest_route=\/wp\/v2\/posts"}],"about":[{"href":"https:\/\/paroissethiais.fr\/index.php?rest_route=\/wp\/v2\/types\/post"}],"author":[{"embeddable":true,"href":"https:\/\/paroissethiais.fr\/index.php?rest_route=\/wp\/v2\/users\/11"}],"replies":[{"embeddable":true,"href":"https:\/\/paroissethiais.fr\/index.php?rest_route=%2Fwp%2Fv2%2Fcomments&post=8323"}],"version-history":[{"count":4,"href":"https:\/\/paroissethiais.fr\/index.php?rest_route=\/wp\/v2\/posts\/8323\/revisions"}],"predecessor-version":[{"id":8330,"href":"https:\/\/paroissethiais.fr\/index.php?rest_route=\/wp\/v2\/posts\/8323\/revisions\/8330"}],"wp:attachment":[{"href":"https:\/\/paroissethiais.fr\/index.php?rest_route=%2Fwp%2Fv2%2Fmedia&parent=8323"}],"wp:term":[{"taxonomy":"category","embeddable":true,"href":"https:\/\/paroissethiais.fr\/index.php?rest_route=%2Fwp%2Fv2%2Fcategories&post=8323"},{"taxonomy":"post_tag","embeddable":true,"href":"https:\/\/paroissethiais.fr\/index.php?rest_route=%2Fwp%2Fv2%2Ftags&post=8323"}],"curies":[{"name":"wp","href":"https:\/\/api.w.org\/{rel}","templated":true}]}}