{"id":8123,"date":"2026-01-07T22:08:29","date_gmt":"2026-01-07T21:08:29","guid":{"rendered":"https:\/\/paroissethiais.fr\/?p=8123"},"modified":"2026-01-07T22:12:12","modified_gmt":"2026-01-07T21:12:12","slug":"annonces-du-04-janvier-2026","status":"publish","type":"post","link":"https:\/\/paroissethiais.fr\/?p=8123","title":{"rendered":"Annonces du 04 janvier 2026"},"content":{"rendered":"\n<figure class=\"wp-block-image size-large\"><img loading=\"lazy\" decoding=\"async\" width=\"1024\" height=\"145\" src=\"http:\/\/paroissethiais.fr\/wp-content\/uploads\/2025\/11\/Banniere-annonces-paroissiales-09-11-2025-1-1024x145.png\" alt=\"\" class=\"wp-image-7745\" srcset=\"https:\/\/paroissethiais.fr\/wp-content\/uploads\/2025\/11\/Banniere-annonces-paroissiales-09-11-2025-1-1024x145.png 1024w, https:\/\/paroissethiais.fr\/wp-content\/uploads\/2025\/11\/Banniere-annonces-paroissiales-09-11-2025-1-300x43.png 300w, https:\/\/paroissethiais.fr\/wp-content\/uploads\/2025\/11\/Banniere-annonces-paroissiales-09-11-2025-1-768x109.png 768w, https:\/\/paroissethiais.fr\/wp-content\/uploads\/2025\/11\/Banniere-annonces-paroissiales-09-11-2025-1-1536x218.png 1536w, https:\/\/paroissethiais.fr\/wp-content\/uploads\/2025\/11\/Banniere-annonces-paroissiales-09-11-2025-1-2048x290.png 2048w\" sizes=\"auto, (max-width: 1024px) 100vw, 1024px\" \/><\/figure>\n\n\n\n<p class=\"has-text-color has-link-color has-medium-font-size wp-elements-b0ab3134beab6edf3040a7bbda945594\" style=\"color:#2a07e3\"><strong>Missels 2026<\/strong><\/p>\n\n\n\n<p class=\"has-medium-font-size\">Les missels qui n&rsquo;ont pas \u00e9t\u00e9 r\u00e9cup\u00e9r\u00e9s, seront disponibles \u00e0 l&rsquo;accueil aux jours d&rsquo;ouverture le mardi et jeudi de 17h00 \u00e019h00<\/p>\n\n\n\n<p class=\"has-text-color has-link-color has-medium-font-size wp-elements-d2c3f67527ff530c1195565b91ff6339\" style=\"color:#4807e3\"><strong>La chorale des enfants<\/strong><\/p>\n\n\n\n<p class=\"has-black-color has-text-color has-link-color has-medium-font-size wp-elements-3b08dab6992378cf4e0486c9a631685e\">R\u00e9p\u00e9tition le samedi 10 janvier 2026 puis tous les 15 jours de 15h00 \u00e0 16h00 \u00e0 la maison paroissiale<\/p>\n\n\n\n<p class=\"has-text-color has-link-color has-medium-font-size wp-elements-99ab26618999582de6f39ee38bc2a747\" style=\"color:#4807e3\"><strong>La chorale de l\u2019aum\u00f4nerie et des adultes<\/strong><\/p>\n\n\n\n<p class=\"has-black-color has-text-color has-link-color has-medium-font-size wp-elements-590a34ac56f4f955a6126a0023cb7fa3\">Samedi 10 janvier 2026 de 16h30 \u00e0 18h00 \u00e0 l&rsquo;oratoire puis tous les 15 jours<\/p>\n\n\n\n<p class=\"has-text-color has-link-color has-medium-font-size wp-elements-597dbce4c3dd65480c446b9f8c50adc2\" style=\"color:#2a07e3\"><strong>Remerciement au P\u00e8re C\u00e9lestin<\/strong><\/p>\n\n\n\n<p class=\"has-text-color has-link-color has-medium-font-size wp-elements-56dc303b7f1d88e09b2ad827864fd0c7\" style=\"color:#2a07e3\"><strong>La cl\u00f4ture du jubil\u00e9, ce dimanche, \u00e0 la cath\u00e9drale Notre-Dame de Cr\u00e9teil, en pr\u00e9sence de notre \u00e9v\u00eaque Dominique, de 16h30 \u00e0 18h<\/strong>.<\/p>\n\n\n\n<ul class=\"wp-block-list\">\n<li class=\"has-black-color has-text-color has-link-color has-medium-font-size wp-elements-e23f42e159d0c30dc134eb8bc0790747\">Temps de louange o\u00f9 il sera fait m\u00e9moire de ce que notre dioc\u00e8se a v\u00e9cu au cours de cette ann\u00e9e jubilaire,<\/li>\n\n\n\n<li class=\"has-black-color has-text-color has-link-color has-medium-font-size wp-elements-5baea653f112dc94b770b6ca0a683b98\">V\u0153ux de Mgr Blanchet aux dioc\u00e9sains, et remise de sa lettre pastorale comportant les orientations dioc\u00e9saines esquiss\u00e9es le 9 juin dernier au rassemblement Jubil\u00e9o,<\/li>\n\n\n\n<li class=\"has-black-color has-text-color has-link-color has-medium-font-size wp-elements-d69d03d80dd581e12717e988ba57e44a\">C\u00e9l\u00e9bration des v\u00eapres de l\u2019\u00c9piphanie.<\/li>\n<\/ul>\n","protected":false},"excerpt":{"rendered":"<p>Missels 2026 Les missels qui n&rsquo;ont pas \u00e9t\u00e9 r\u00e9cup\u00e9r\u00e9s, seront disponibles \u00e0 l&rsquo;accueil aux jours d&rsquo;ouverture le mardi et jeudi de 17h00 \u00e019h00 La chorale des enfants R\u00e9p\u00e9tition le samedi 10 janvier 2026 puis tous les 15 jours de 15h00 \u00e0 16h00 \u00e0 la maison paroissiale La chorale de l\u2019aum\u00f4nerie et des adultes Samedi 10 [&hellip;]<\/p>\n","protected":false},"author":11,"featured_media":0,"comment_status":"open","ping_status":"open","sticky":false,"template":"","format":"standard","meta":{"_monsterinsights_skip_tracking":false,"_monsterinsights_sitenote_active":false,"_monsterinsights_sitenote_note":"","_monsterinsights_sitenote_category":0,"ngg_post_thumbnail":0,"ocean_post_layout":"","ocean_both_sidebars_style":"","ocean_both_sidebars_content_width":0,"ocean_both_sidebars_sidebars_width":0,"ocean_sidebar":"","ocean_second_sidebar":"","ocean_disable_margins":"enable","ocean_add_body_class":"","ocean_shortcode_before_top_bar":"","ocean_shortcode_after_top_bar":"","ocean_shortcode_before_header":"","ocean_shortcode_after_header":"","ocean_has_shortcode":"","ocean_shortcode_after_title":"","ocean_shortcode_before_footer_widgets":"","ocean_shortcode_after_footer_widgets":"","ocean_shortcode_before_footer_bottom":"","ocean_shortcode_after_footer_bottom":"","ocean_display_top_bar":"default","ocean_display_header":"default","ocean_header_style":"","ocean_center_header_left_menu":"","ocean_custom_header_template":"","ocean_custom_logo":0,"ocean_custom_retina_logo":0,"ocean_custom_logo_max_width":0,"ocean_custom_logo_tablet_max_width":0,"ocean_custom_logo_mobile_max_width":0,"ocean_custom_logo_max_height":0,"ocean_custom_logo_tablet_max_height":0,"ocean_custom_logo_mobile_max_height":0,"ocean_header_custom_menu":"","ocean_menu_typo_font_family":"","ocean_menu_typo_font_subset":"","ocean_menu_typo_font_size":0,"ocean_menu_typo_font_size_tablet":0,"ocean_menu_typo_font_size_mobile":0,"ocean_menu_typo_font_size_unit":"px","ocean_menu_typo_font_weight":"","ocean_menu_typo_font_weight_tablet":"","ocean_menu_typo_font_weight_mobile":"","ocean_menu_typo_transform":"","ocean_menu_typo_transform_tablet":"","ocean_menu_typo_transform_mobile":"","ocean_menu_typo_line_height":0,"ocean_menu_typo_line_height_tablet":0,"ocean_menu_typo_line_height_mobile":0,"ocean_menu_typo_line_height_unit":"","ocean_menu_typo_spacing":0,"ocean_menu_typo_spacing_tablet":0,"ocean_menu_typo_spacing_mobile":0,"ocean_menu_typo_spacing_unit":"","ocean_menu_link_color":"","ocean_menu_link_color_hover":"","ocean_menu_link_color_active":"","ocean_menu_link_background":"","ocean_menu_link_hover_background":"","ocean_menu_link_active_background":"","ocean_menu_social_links_bg":"","ocean_menu_social_hover_links_bg":"","ocean_menu_social_links_color":"","ocean_menu_social_hover_links_color":"","ocean_disable_title":"default","ocean_disable_heading":"default","ocean_post_title":"","ocean_post_subheading":"","ocean_post_title_style":"","ocean_post_title_background_color":"","ocean_post_title_background":0,"ocean_post_title_bg_image_position":"","ocean_post_title_bg_image_attachment":"","ocean_post_title_bg_image_repeat":"","ocean_post_title_bg_image_size":"","ocean_post_title_height":0,"ocean_post_title_bg_overlay":0.5,"ocean_post_title_bg_overlay_color":"","ocean_disable_breadcrumbs":"default","ocean_breadcrumbs_color":"","ocean_breadcrumbs_separator_color":"","ocean_breadcrumbs_links_color":"","ocean_breadcrumbs_links_hover_color":"","ocean_display_footer_widgets":"default","ocean_display_footer_bottom":"default","ocean_custom_footer_template":"","ofc_enable_fullscreen":"disable","ofc_fullscreen_speed":0,"ofc_fullscreen_nav":"enable","ofc_fullscreen_nav_pos":"right","ofc_fullscreen_nav_color":"","ofc_fullscreen_nav_tooltip_color":"","ofc_fullscreen_responsive":0,"ocean_post_oembed":"","ocean_post_self_hosted_media":"","ocean_post_video_embed":"","ocean_link_format":"","ocean_link_format_target":"self","ocean_quote_format":"","ocean_quote_format_link":"post","ocean_gallery_link_images":"on","ocean_gallery_id":[],"footnotes":""},"categories":[14,16,4],"tags":[],"class_list":["post-8123","post","type-post","status-publish","format-standard","hentry","category-actualites","category-communications","category-vie-de-la-paroisse","entry"],"_links":{"self":[{"href":"https:\/\/paroissethiais.fr\/index.php?rest_route=\/wp\/v2\/posts\/8123","targetHints":{"allow":["GET"]}}],"collection":[{"href":"https:\/\/paroissethiais.fr\/index.php?rest_route=\/wp\/v2\/posts"}],"about":[{"href":"https:\/\/paroissethiais.fr\/index.php?rest_route=\/wp\/v2\/types\/post"}],"author":[{"embeddable":true,"href":"https:\/\/paroissethiais.fr\/index.php?rest_route=\/wp\/v2\/users\/11"}],"replies":[{"embeddable":true,"href":"https:\/\/paroissethiais.fr\/index.php?rest_route=%2Fwp%2Fv2%2Fcomments&post=8123"}],"version-history":[{"count":4,"href":"https:\/\/paroissethiais.fr\/index.php?rest_route=\/wp\/v2\/posts\/8123\/revisions"}],"predecessor-version":[{"id":8129,"href":"https:\/\/paroissethiais.fr\/index.php?rest_route=\/wp\/v2\/posts\/8123\/revisions\/8129"}],"wp:attachment":[{"href":"https:\/\/paroissethiais.fr\/index.php?rest_route=%2Fwp%2Fv2%2Fmedia&parent=8123"}],"wp:term":[{"taxonomy":"category","embeddable":true,"href":"https:\/\/paroissethiais.fr\/index.php?rest_route=%2Fwp%2Fv2%2Fcategories&post=8123"},{"taxonomy":"post_tag","embeddable":true,"href":"https:\/\/paroissethiais.fr\/index.php?rest_route=%2Fwp%2Fv2%2Ftags&post=8123"}],"curies":[{"name":"wp","href":"https:\/\/api.w.org\/{rel}","templated":true}]}}